{"id":5136,"date":"2023-08-05T14:24:24","date_gmt":"2023-08-05T12:24:24","guid":{"rendered":"https:\/\/annarona.de\/?p=5136"},"modified":"2023-08-05T14:32:06","modified_gmt":"2023-08-05T12:32:06","slug":"bilder-fuer-die-september-ausstellung-in-warburg-copy","status":"publish","type":"post","link":"https:\/\/annarona.de\/pl\/bilder-fuer-die-september-ausstellung-in-warburg-copy\/","title":{"rendered":"Obrazy na wrze\u015bniow\u0105 wystaw\u0119 w Warburgu."},"content":{"rendered":"\n<p>W\u0142a\u015bnie maluj\u0119 nowe obrazy na wrze\u015bniow\u0105 wystaw\u0119 w Warburgu. O szczeg\u00f3\u0142ach napisz\u0119 p\u00f3\u017aniej, uzgodnienia trwaj\u0105.<br>Pozdrowienia z K\u00f6rbecke-Borgentreich!<\/p>\n\n\n\n<figure class=\"wp-block-gallery has-nested-images columns-default is-cropped wp-block-gallery-1 is-layout-flex wp-block-gallery-is-layout-flex\">\n<figure class=\"wp-block-image size-large\"><img fetchpriority=\"high\" decoding=\"async\" width=\"765\" height=\"1024\" data-id=\"5113\" src=\"https:\/\/annarona.de\/wp-content\/uploads\/2023\/08\/IMG_8495a-765x1024.jpg\" alt=\"\" class=\"wp-image-5113\" srcset=\"https:\/\/annarona.de\/wp-content\/uploads\/2023\/08\/IMG_8495a-765x1024.jpg 765w, https:\/\/annarona.de\/wp-content\/uploads\/2023\/08\/IMG_8495a-224x300.jpg 224w, https:\/\/annarona.de\/wp-content\/uploads\/2023\/08\/IMG_8495a-768x1029.jpg 768w, https:\/\/annarona.de\/wp-content\/uploads\/2023\/08\/IMG_8495a-300x402.jpg 300w, https:\/\/annarona.de\/wp-content\/uploads\/2023\/08\/IMG_8495a-600x804.jpg 600w, https:\/\/annarona.de\/wp-content\/uploads\/2023\/08\/IMG_8495a.jpg 896w\" sizes=\"(max-width: 765px) 100vw, 765px\" \/><\/figure>\n<\/figure>\n\n\n\n<p>Morze Czerwone, Anna Rona, olej, p\u0142\u00f3tno 60 cm X 80 cm, K\u00f6rbecke &#8211; Borgentreich, 2023.<\/p>\n\n\n\n<figure class=\"wp-block-gallery has-nested-images columns-default is-cropped wp-block-gallery-2 is-layout-flex wp-block-gallery-is-layout-flex\">\n<figure class=\"wp-block-image size-large\"><img decoding=\"async\" width=\"765\" height=\"1024\" data-id=\"5117\" src=\"https:\/\/annarona.de\/wp-content\/uploads\/2023\/08\/IMG_8488-765x1024.jpg\" alt=\"\" class=\"wp-image-5117\" srcset=\"https:\/\/annarona.de\/wp-content\/uploads\/2023\/08\/IMG_8488-765x1024.jpg 765w, https:\/\/annarona.de\/wp-content\/uploads\/2023\/08\/IMG_8488-224x300.jpg 224w, https:\/\/annarona.de\/wp-content\/uploads\/2023\/08\/IMG_8488-768x1027.jpg 768w, https:\/\/annarona.de\/wp-content\/uploads\/2023\/08\/IMG_8488-300x401.jpg 300w, https:\/\/annarona.de\/wp-content\/uploads\/2023\/08\/IMG_8488-600x803.jpg 600w, https:\/\/annarona.de\/wp-content\/uploads\/2023\/08\/IMG_8488.jpg 897w\" sizes=\"(max-width: 765px) 100vw, 765px\" \/><\/figure>\n<\/figure>\n\n\n\n<p>Morze Czerwone 1, Anna Rona, olej, p\u0142\u00f3tno 60 cm X 80 cm, K\u00f6rbecke &#8211; Borgentreich, 2023.<\/p>\n\n\n\n<figure class=\"wp-block-image size-large\"><img decoding=\"async\" width=\"800\" height=\"1024\" src=\"https:\/\/annarona.de\/wp-content\/uploads\/2023\/08\/IMG_8482a-800x1024.jpg\" alt=\"\" class=\"wp-image-5121\" srcset=\"https:\/\/annarona.de\/wp-content\/uploads\/2023\/08\/IMG_8482a-800x1024.jpg 800w, https:\/\/annarona.de\/wp-content\/uploads\/2023\/08\/IMG_8482a-235x300.jpg 235w, https:\/\/annarona.de\/wp-content\/uploads\/2023\/08\/IMG_8482a-768x983.jpg 768w, https:\/\/annarona.de\/wp-content\/uploads\/2023\/08\/IMG_8482a-300x384.jpg 300w, https:\/\/annarona.de\/wp-content\/uploads\/2023\/08\/IMG_8482a-600x768.jpg 600w, https:\/\/annarona.de\/wp-content\/uploads\/2023\/08\/IMG_8482a.jpg 938w\" sizes=\"(max-width: 800px) 100vw, 800px\" \/><\/figure>\n\n\n\n<p>Obraz pomara\u0144czowy, Anna Rona, olej, plotno 60 cm X 80 cm, K\u00f6rbecke &#8211; Borgentreich, 2023.<\/p>\n\n\n\n<figure class=\"wp-block-image size-large\"><img loading=\"lazy\" decoding=\"async\" width=\"767\" height=\"1024\" src=\"https:\/\/annarona.de\/wp-content\/uploads\/2023\/08\/IMG_8474a-767x1024.jpg\" alt=\"\" class=\"wp-image-5124\" srcset=\"https:\/\/annarona.de\/wp-content\/uploads\/2023\/08\/IMG_8474a-767x1024.jpg 767w, https:\/\/annarona.de\/wp-content\/uploads\/2023\/08\/IMG_8474a-225x300.jpg 225w, https:\/\/annarona.de\/wp-content\/uploads\/2023\/08\/IMG_8474a-768x1025.jpg 768w, https:\/\/annarona.de\/wp-content\/uploads\/2023\/08\/IMG_8474a-300x400.jpg 300w, https:\/\/annarona.de\/wp-content\/uploads\/2023\/08\/IMG_8474a-600x801.jpg 600w, https:\/\/annarona.de\/wp-content\/uploads\/2023\/08\/IMG_8474a.jpg 899w\" sizes=\"(max-width: 767px) 100vw, 767px\" \/><\/figure>\n\n\n\n<p>Obraz pomara\u0144czowy 1, Anna Rona, olej, plotno 60 cm X 80 cm, K\u00f6rbecke &#8211; Borgentreich, 2023.<\/p>\n\n\n\n<figure class=\"wp-block-image size-large is-resized\"><img loading=\"lazy\" decoding=\"async\" src=\"https:\/\/annarona.de\/wp-content\/uploads\/2023\/08\/IMG_8702a-1024x699.jpg\" alt=\"\" class=\"wp-image-5127\" width=\"840\" height=\"573\" srcset=\"https:\/\/annarona.de\/wp-content\/uploads\/2023\/08\/IMG_8702a-1024x699.jpg 1024w, https:\/\/annarona.de\/wp-content\/uploads\/2023\/08\/IMG_8702a-300x205.jpg 300w, https:\/\/annarona.de\/wp-content\/uploads\/2023\/08\/IMG_8702a-768x524.jpg 768w, https:\/\/annarona.de\/wp-content\/uploads\/2023\/08\/IMG_8702a-600x410.jpg 600w, https:\/\/annarona.de\/wp-content\/uploads\/2023\/08\/IMG_8702a.jpg 1200w\" sizes=\"(max-width: 840px) 100vw, 840px\" \/><\/figure>\n\n\n\n<p>Obraz pomara\u0144czowy 2, Anna Rona, olej, plotno 100 cm X 70 cm, K\u00f6rbecke &#8211; Borgentreich, 2023.<\/p>\n\n\n\n<figure class=\"wp-block-image size-large\"><img loading=\"lazy\" decoding=\"async\" width=\"742\" height=\"1024\" src=\"https:\/\/annarona.de\/wp-content\/uploads\/2023\/08\/pastwisko_nie-742x1024.jpg\" alt=\"\" class=\"wp-image-5132\" srcset=\"https:\/\/annarona.de\/wp-content\/uploads\/2023\/08\/pastwisko_nie-742x1024.jpg 742w, https:\/\/annarona.de\/wp-content\/uploads\/2023\/08\/pastwisko_nie-218x300.jpg 218w, https:\/\/annarona.de\/wp-content\/uploads\/2023\/08\/pastwisko_nie-768x1059.jpg 768w, https:\/\/annarona.de\/wp-content\/uploads\/2023\/08\/pastwisko_nie-300x414.jpg 300w, https:\/\/annarona.de\/wp-content\/uploads\/2023\/08\/pastwisko_nie-600x828.jpg 600w, https:\/\/annarona.de\/wp-content\/uploads\/2023\/08\/pastwisko_nie.jpg 870w\" sizes=\"(max-width: 742px) 100vw, 742px\" \/><\/figure>\n\n\n\n<p>&#8222;Hi&#8221;Pastwisko niebieskie&#8221;, Anna Rona, olej, plotno 50 cm X 70 cm, K\u00f6rbecke &#8211; Borgentreich, 2023.<\/p>\n","protected":false},"excerpt":{"rendered":"<p>W\u0142a\u015bnie maluj\u0119 nowe obrazy na wrze\u015bniow\u0105 wystaw\u0119 w Warburgu. O szczeg\u00f3\u0142ach napisz\u0119 p\u00f3\u017aniej, uzgodnienia trwaj\u0105.<br \/>\nPozdrowienia z K\u00f6rbecke-Borgentreich! <\/p>\n","protected":false},"author":3,"featured_media":5132,"comment_status":"open","ping_status":"closed","sticky":false,"template":"","format":"standard","meta":{"ocean_post_layout":"","ocean_both_sidebars_style":"","ocean_both_sidebars_content_width":0,"ocean_both_sidebars_sidebars_width":0,"ocean_sidebar":"0","ocean_second_sidebar":"0","ocean_disable_margins":"enable","ocean_add_body_class":"","ocean_shortcode_before_top_bar":"","ocean_shortcode_after_top_bar":"","ocean_shortcode_before_header":"","ocean_shortcode_after_header":"","ocean_has_shortcode":"","ocean_shortcode_after_title":"","ocean_shortcode_before_footer_widgets":"","ocean_shortcode_after_footer_widgets":"","ocean_shortcode_before_footer_bottom":"","ocean_shortcode_after_footer_bottom":"","ocean_display_top_bar":"default","ocean_display_header":"default","ocean_header_style":"","ocean_center_header_left_menu":"0","ocean_custom_header_template":"0","ocean_custom_logo":0,"ocean_custom_retina_logo":0,"ocean_custom_logo_max_width":0,"ocean_custom_logo_tablet_max_width":0,"ocean_custom_logo_mobile_max_width":0,"ocean_custom_logo_max_height":0,"ocean_custom_logo_tablet_max_height":0,"ocean_custom_logo_mobile_max_height":0,"ocean_header_custom_menu":"0","ocean_menu_typo_font_family":"0","ocean_menu_typo_font_subset":"","ocean_menu_typo_font_size":0,"ocean_menu_typo_font_size_tablet":0,"ocean_menu_typo_font_size_mobile":0,"ocean_menu_typo_font_size_unit":"px","ocean_menu_typo_font_weight":"","ocean_menu_typo_font_weight_tablet":"","ocean_menu_typo_font_weight_mobile":"","ocean_menu_typo_transform":"","ocean_menu_typo_transform_tablet":"","ocean_menu_typo_transform_mobile":"","ocean_menu_typo_line_height":0,"ocean_menu_typo_line_height_tablet":0,"ocean_menu_typo_line_height_mobile":0,"ocean_menu_typo_line_height_unit":"","ocean_menu_typo_spacing":0,"ocean_menu_typo_spacing_tablet":0,"ocean_menu_typo_spacing_mobile":0,"ocean_menu_typo_spacing_unit":"","ocean_menu_link_color":"","ocean_menu_link_color_hover":"","ocean_menu_link_color_active":"","ocean_menu_link_background":"","ocean_menu_link_hover_background":"","ocean_menu_link_active_background":"","ocean_menu_social_links_bg":"","ocean_menu_social_hover_links_bg":"","ocean_menu_social_links_color":"","ocean_menu_social_hover_links_color":"","ocean_disable_title":"default","ocean_disable_heading":"default","ocean_post_title":"","ocean_post_subheading":"","ocean_post_title_style":"","ocean_post_title_background_color":"","ocean_post_title_background":0,"ocean_post_title_bg_image_position":"","ocean_post_title_bg_image_attachment":"","ocean_post_title_bg_image_repeat":"","ocean_post_title_bg_image_size":"","ocean_post_title_height":0,"ocean_post_title_bg_overlay":0.5,"ocean_post_title_bg_overlay_color":"","ocean_disable_breadcrumbs":"default","ocean_breadcrumbs_color":"","ocean_breadcrumbs_separator_color":"","ocean_breadcrumbs_links_color":"","ocean_breadcrumbs_links_hover_color":"","ocean_display_footer_widgets":"default","ocean_display_footer_bottom":"default","ocean_custom_footer_template":"0","ocean_post_oembed":"","ocean_post_self_hosted_media":"","ocean_post_video_embed":"","ocean_link_format":"","ocean_link_format_target":"self","ocean_quote_format":"","ocean_quote_format_link":"post","ocean_gallery_link_images":"off","ocean_gallery_id":[],"footnotes":""},"categories":[619,619,662,662],"tags":[],"class_list":{"0":"post-5136","1":"post","2":"type-post","3":"status-publish","4":"format-standard","5":"has-post-thumbnail","6":"hentry","7":"category-ausstellungen","9":"category-einzelausstellung-pl","11":"entry","12":"has-media","13":"owp-thumbs-layout-horizontal","14":"owp-btn-normal","15":"owp-tabs-layout-horizontal","16":"has-no-thumbnails","17":"has-product-nav","18":"circle-sale"},"yoast_head":"<!-- This site is optimized with the Yoast SEO plugin v27.5 - https:\/\/yoast.com\/product\/yoast-seo-wordpress\/ -->\n<title>Obrazy na wrze\u015bniow\u0105 wystaw\u0119 w Warburgu. - Anna Rona<\/title>\n<meta name=\"robots\" content=\"index, follow, max-snippet:-1, max-image-preview:large, max-video-preview:-1\" \/>\n<link rel=\"canonical\" href=\"https:\/\/annarona.de\/pl\/bilder-fuer-die-september-ausstellung-in-warburg-copy\/\" \/>\n<meta property=\"og:locale\" content=\"pl_PL\" \/>\n<meta property=\"og:type\" content=\"article\" \/>\n<meta property=\"og:title\" content=\"Obrazy na wrze\u015bniow\u0105 wystaw\u0119 w Warburgu. - Anna Rona\" \/>\n<meta property=\"og:description\" content=\"W\u0142a\u015bnie maluj\u0119 nowe obrazy na wrze\u015bniow\u0105 wystaw\u0119 w Warburgu. O szczeg\u00f3\u0142ach napisz\u0119 p\u00f3\u017aniej, uzgodnienia trwaj\u0105. Pozdrowienia z K\u00f6rbecke-Borgentreich!\" \/>\n<meta property=\"og:url\" content=\"https:\/\/annarona.de\/pl\/bilder-fuer-die-september-ausstellung-in-warburg-copy\/\" \/>\n<meta property=\"og:site_name\" content=\"Anna Rona\" \/>\n<meta property=\"article:published_time\" content=\"2023-08-05T12:24:24+00:00\" \/>\n<meta property=\"article:modified_time\" content=\"2023-08-05T12:32:06+00:00\" \/>\n<meta property=\"og:image\" content=\"https:\/\/annarona.de\/wp-content\/uploads\/2023\/08\/pastwisko_nie.jpg\" \/>\n\t<meta property=\"og:image:width\" content=\"870\" \/>\n\t<meta property=\"og:image:height\" content=\"1200\" \/>\n\t<meta property=\"og:image:type\" content=\"image\/jpeg\" \/>\n<meta name=\"author\" content=\"Anna Rona\" \/>\n<meta name=\"twitter:card\" content=\"summary_large_image\" \/>\n<meta name=\"twitter:label1\" content=\"Napisane przez\" \/>\n\t<meta name=\"twitter:data1\" content=\"Anna Rona\" \/>\n\t<meta name=\"twitter:label2\" content=\"Szacowany czas czytania\" \/>\n\t<meta name=\"twitter:data2\" content=\"1 minuta\" \/>\n<script type=\"application\/ld+json\" class=\"yoast-schema-graph\">{\"@context\":\"https:\\\/\\\/schema.org\",\"@graph\":[{\"@type\":\"Article\",\"@id\":\"https:\\\/\\\/annarona.de\\\/pl\\\/bilder-fuer-die-september-ausstellung-in-warburg-copy\\\/#article\",\"isPartOf\":{\"@id\":\"https:\\\/\\\/annarona.de\\\/pl\\\/bilder-fuer-die-september-ausstellung-in-warburg-copy\\\/\"},\"author\":{\"name\":\"Anna Rona\",\"@id\":\"https:\\\/\\\/annarona.de\\\/#\\\/schema\\\/person\\\/71367c54bb21d3c9d34301a1356d41ee\"},\"headline\":\"Obrazy na wrze\u015bniow\u0105 wystaw\u0119 w Warburgu.\",\"datePublished\":\"2023-08-05T12:24:24+00:00\",\"dateModified\":\"2023-08-05T12:32:06+00:00\",\"mainEntityOfPage\":{\"@id\":\"https:\\\/\\\/annarona.de\\\/pl\\\/bilder-fuer-die-september-ausstellung-in-warburg-copy\\\/\"},\"wordCount\":115,\"commentCount\":0,\"publisher\":{\"@id\":\"https:\\\/\\\/annarona.de\\\/#organization\"},\"image\":{\"@id\":\"https:\\\/\\\/annarona.de\\\/pl\\\/bilder-fuer-die-september-ausstellung-in-warburg-copy\\\/#primaryimage\"},\"thumbnailUrl\":\"https:\\\/\\\/annarona.de\\\/wp-content\\\/uploads\\\/2023\\\/08\\\/pastwisko_nie.jpg\",\"articleSection\":[\"Ausstellungen\",\"Ausstellungen\",\"Einzelausstellung\",\"Einzelausstellung\"],\"inLanguage\":\"pl-PL\",\"potentialAction\":[{\"@type\":\"CommentAction\",\"name\":\"Comment\",\"target\":[\"https:\\\/\\\/annarona.de\\\/pl\\\/bilder-fuer-die-september-ausstellung-in-warburg-copy\\\/#respond\"]}]},{\"@type\":\"WebPage\",\"@id\":\"https:\\\/\\\/annarona.de\\\/pl\\\/bilder-fuer-die-september-ausstellung-in-warburg-copy\\\/\",\"url\":\"https:\\\/\\\/annarona.de\\\/pl\\\/bilder-fuer-die-september-ausstellung-in-warburg-copy\\\/\",\"name\":\"Obrazy na wrze\u015bniow\u0105 wystaw\u0119 w Warburgu. - Anna Rona\",\"isPartOf\":{\"@id\":\"https:\\\/\\\/annarona.de\\\/#website\"},\"primaryImageOfPage\":{\"@id\":\"https:\\\/\\\/annarona.de\\\/pl\\\/bilder-fuer-die-september-ausstellung-in-warburg-copy\\\/#primaryimage\"},\"image\":{\"@id\":\"https:\\\/\\\/annarona.de\\\/pl\\\/bilder-fuer-die-september-ausstellung-in-warburg-copy\\\/#primaryimage\"},\"thumbnailUrl\":\"https:\\\/\\\/annarona.de\\\/wp-content\\\/uploads\\\/2023\\\/08\\\/pastwisko_nie.jpg\",\"datePublished\":\"2023-08-05T12:24:24+00:00\",\"dateModified\":\"2023-08-05T12:32:06+00:00\",\"breadcrumb\":{\"@id\":\"https:\\\/\\\/annarona.de\\\/pl\\\/bilder-fuer-die-september-ausstellung-in-warburg-copy\\\/#breadcrumb\"},\"inLanguage\":\"pl-PL\",\"potentialAction\":[{\"@type\":\"ReadAction\",\"target\":[\"https:\\\/\\\/annarona.de\\\/pl\\\/bilder-fuer-die-september-ausstellung-in-warburg-copy\\\/\"]}]},{\"@type\":\"ImageObject\",\"inLanguage\":\"pl-PL\",\"@id\":\"https:\\\/\\\/annarona.de\\\/pl\\\/bilder-fuer-die-september-ausstellung-in-warburg-copy\\\/#primaryimage\",\"url\":\"https:\\\/\\\/annarona.de\\\/wp-content\\\/uploads\\\/2023\\\/08\\\/pastwisko_nie.jpg\",\"contentUrl\":\"https:\\\/\\\/annarona.de\\\/wp-content\\\/uploads\\\/2023\\\/08\\\/pastwisko_nie.jpg\",\"width\":870,\"height\":1200},{\"@type\":\"BreadcrumbList\",\"@id\":\"https:\\\/\\\/annarona.de\\\/pl\\\/bilder-fuer-die-september-ausstellung-in-warburg-copy\\\/#breadcrumb\",\"itemListElement\":[{\"@type\":\"ListItem\",\"position\":1,\"name\":\"Home\",\"item\":\"https:\\\/\\\/annarona.de\\\/pl\\\/\"},{\"@type\":\"ListItem\",\"position\":2,\"name\":\"Obrazy na wrze\u015bniow\u0105 wystaw\u0119 w Warburgu.\"}]},{\"@type\":\"WebSite\",\"@id\":\"https:\\\/\\\/annarona.de\\\/#website\",\"url\":\"https:\\\/\\\/annarona.de\\\/\",\"name\":\"Anna Rona\",\"description\":\"Malerin aus K\u00f6rbecke\",\"publisher\":{\"@id\":\"https:\\\/\\\/annarona.de\\\/#organization\"},\"potentialAction\":[{\"@type\":\"SearchAction\",\"target\":{\"@type\":\"EntryPoint\",\"urlTemplate\":\"https:\\\/\\\/annarona.de\\\/?s={search_term_string}\"},\"query-input\":{\"@type\":\"PropertyValueSpecification\",\"valueRequired\":true,\"valueName\":\"search_term_string\"}}],\"inLanguage\":\"pl-PL\"},{\"@type\":\"Organization\",\"@id\":\"https:\\\/\\\/annarona.de\\\/#organization\",\"name\":\"Anna Rona\",\"url\":\"https:\\\/\\\/annarona.de\\\/\",\"logo\":{\"@type\":\"ImageObject\",\"inLanguage\":\"pl-PL\",\"@id\":\"https:\\\/\\\/annarona.de\\\/#\\\/schema\\\/logo\\\/image\\\/\",\"url\":\"https:\\\/\\\/annarona.de\\\/wp-content\\\/uploads\\\/2021\\\/04\\\/AnnaRona_Logo.png\",\"contentUrl\":\"https:\\\/\\\/annarona.de\\\/wp-content\\\/uploads\\\/2021\\\/04\\\/AnnaRona_Logo.png\",\"width\":1181,\"height\":816,\"caption\":\"Anna Rona\"},\"image\":{\"@id\":\"https:\\\/\\\/annarona.de\\\/#\\\/schema\\\/logo\\\/image\\\/\"}},{\"@type\":\"Person\",\"@id\":\"https:\\\/\\\/annarona.de\\\/#\\\/schema\\\/person\\\/71367c54bb21d3c9d34301a1356d41ee\",\"name\":\"Anna Rona\",\"image\":{\"@type\":\"ImageObject\",\"inLanguage\":\"pl-PL\",\"@id\":\"https:\\\/\\\/secure.gravatar.com\\\/avatar\\\/f1c0d97f24e9caef161593df02477f62a6d4ae4187918c500b90a71a0e1feb45?s=96&d=mm&r=g\",\"url\":\"https:\\\/\\\/secure.gravatar.com\\\/avatar\\\/f1c0d97f24e9caef161593df02477f62a6d4ae4187918c500b90a71a0e1feb45?s=96&d=mm&r=g\",\"contentUrl\":\"https:\\\/\\\/secure.gravatar.com\\\/avatar\\\/f1c0d97f24e9caef161593df02477f62a6d4ae4187918c500b90a71a0e1feb45?s=96&d=mm&r=g\",\"caption\":\"Anna Rona\"},\"sameAs\":[\"http:\\\/\\\/www.annarona.de\"],\"url\":\"https:\\\/\\\/annarona.de\\\/pl\\\/author\\\/annarona\\\/\"}]}<\/script>\n<!-- \/ Yoast SEO plugin. -->","yoast_head_json":{"title":"Obrazy na wrze\u015bniow\u0105 wystaw\u0119 w Warburgu. - Anna Rona","robots":{"index":"index","follow":"follow","max-snippet":"max-snippet:-1","max-image-preview":"max-image-preview:large","max-video-preview":"max-video-preview:-1"},"canonical":"https:\/\/annarona.de\/pl\/bilder-fuer-die-september-ausstellung-in-warburg-copy\/","og_locale":"pl_PL","og_type":"article","og_title":"Obrazy na wrze\u015bniow\u0105 wystaw\u0119 w Warburgu. - Anna Rona","og_description":"W\u0142a\u015bnie maluj\u0119 nowe obrazy na wrze\u015bniow\u0105 wystaw\u0119 w Warburgu. O szczeg\u00f3\u0142ach napisz\u0119 p\u00f3\u017aniej, uzgodnienia trwaj\u0105. Pozdrowienia z K\u00f6rbecke-Borgentreich!","og_url":"https:\/\/annarona.de\/pl\/bilder-fuer-die-september-ausstellung-in-warburg-copy\/","og_site_name":"Anna Rona","article_published_time":"2023-08-05T12:24:24+00:00","article_modified_time":"2023-08-05T12:32:06+00:00","og_image":[{"width":870,"height":1200,"url":"https:\/\/annarona.de\/wp-content\/uploads\/2023\/08\/pastwisko_nie.jpg","type":"image\/jpeg"}],"author":"Anna Rona","twitter_card":"summary_large_image","twitter_misc":{"Napisane przez":"Anna Rona","Szacowany czas czytania":"1 minuta"},"schema":{"@context":"https:\/\/schema.org","@graph":[{"@type":"Article","@id":"https:\/\/annarona.de\/pl\/bilder-fuer-die-september-ausstellung-in-warburg-copy\/#article","isPartOf":{"@id":"https:\/\/annarona.de\/pl\/bilder-fuer-die-september-ausstellung-in-warburg-copy\/"},"author":{"name":"Anna Rona","@id":"https:\/\/annarona.de\/#\/schema\/person\/71367c54bb21d3c9d34301a1356d41ee"},"headline":"Obrazy na wrze\u015bniow\u0105 wystaw\u0119 w Warburgu.","datePublished":"2023-08-05T12:24:24+00:00","dateModified":"2023-08-05T12:32:06+00:00","mainEntityOfPage":{"@id":"https:\/\/annarona.de\/pl\/bilder-fuer-die-september-ausstellung-in-warburg-copy\/"},"wordCount":115,"commentCount":0,"publisher":{"@id":"https:\/\/annarona.de\/#organization"},"image":{"@id":"https:\/\/annarona.de\/pl\/bilder-fuer-die-september-ausstellung-in-warburg-copy\/#primaryimage"},"thumbnailUrl":"https:\/\/annarona.de\/wp-content\/uploads\/2023\/08\/pastwisko_nie.jpg","articleSection":["Ausstellungen","Ausstellungen","Einzelausstellung","Einzelausstellung"],"inLanguage":"pl-PL","potentialAction":[{"@type":"CommentAction","name":"Comment","target":["https:\/\/annarona.de\/pl\/bilder-fuer-die-september-ausstellung-in-warburg-copy\/#respond"]}]},{"@type":"WebPage","@id":"https:\/\/annarona.de\/pl\/bilder-fuer-die-september-ausstellung-in-warburg-copy\/","url":"https:\/\/annarona.de\/pl\/bilder-fuer-die-september-ausstellung-in-warburg-copy\/","name":"Obrazy na wrze\u015bniow\u0105 wystaw\u0119 w Warburgu. - Anna Rona","isPartOf":{"@id":"https:\/\/annarona.de\/#website"},"primaryImageOfPage":{"@id":"https:\/\/annarona.de\/pl\/bilder-fuer-die-september-ausstellung-in-warburg-copy\/#primaryimage"},"image":{"@id":"https:\/\/annarona.de\/pl\/bilder-fuer-die-september-ausstellung-in-warburg-copy\/#primaryimage"},"thumbnailUrl":"https:\/\/annarona.de\/wp-content\/uploads\/2023\/08\/pastwisko_nie.jpg","datePublished":"2023-08-05T12:24:24+00:00","dateModified":"2023-08-05T12:32:06+00:00","breadcrumb":{"@id":"https:\/\/annarona.de\/pl\/bilder-fuer-die-september-ausstellung-in-warburg-copy\/#breadcrumb"},"inLanguage":"pl-PL","potentialAction":[{"@type":"ReadAction","target":["https:\/\/annarona.de\/pl\/bilder-fuer-die-september-ausstellung-in-warburg-copy\/"]}]},{"@type":"ImageObject","inLanguage":"pl-PL","@id":"https:\/\/annarona.de\/pl\/bilder-fuer-die-september-ausstellung-in-warburg-copy\/#primaryimage","url":"https:\/\/annarona.de\/wp-content\/uploads\/2023\/08\/pastwisko_nie.jpg","contentUrl":"https:\/\/annarona.de\/wp-content\/uploads\/2023\/08\/pastwisko_nie.jpg","width":870,"height":1200},{"@type":"BreadcrumbList","@id":"https:\/\/annarona.de\/pl\/bilder-fuer-die-september-ausstellung-in-warburg-copy\/#breadcrumb","itemListElement":[{"@type":"ListItem","position":1,"name":"Home","item":"https:\/\/annarona.de\/pl\/"},{"@type":"ListItem","position":2,"name":"Obrazy na wrze\u015bniow\u0105 wystaw\u0119 w Warburgu."}]},{"@type":"WebSite","@id":"https:\/\/annarona.de\/#website","url":"https:\/\/annarona.de\/","name":"Anna Rona","description":"Malerin aus K\u00f6rbecke","publisher":{"@id":"https:\/\/annarona.de\/#organization"},"potentialAction":[{"@type":"SearchAction","target":{"@type":"EntryPoint","urlTemplate":"https:\/\/annarona.de\/?s={search_term_string}"},"query-input":{"@type":"PropertyValueSpecification","valueRequired":true,"valueName":"search_term_string"}}],"inLanguage":"pl-PL"},{"@type":"Organization","@id":"https:\/\/annarona.de\/#organization","name":"Anna Rona","url":"https:\/\/annarona.de\/","logo":{"@type":"ImageObject","inLanguage":"pl-PL","@id":"https:\/\/annarona.de\/#\/schema\/logo\/image\/","url":"https:\/\/annarona.de\/wp-content\/uploads\/2021\/04\/AnnaRona_Logo.png","contentUrl":"https:\/\/annarona.de\/wp-content\/uploads\/2021\/04\/AnnaRona_Logo.png","width":1181,"height":816,"caption":"Anna Rona"},"image":{"@id":"https:\/\/annarona.de\/#\/schema\/logo\/image\/"}},{"@type":"Person","@id":"https:\/\/annarona.de\/#\/schema\/person\/71367c54bb21d3c9d34301a1356d41ee","name":"Anna Rona","image":{"@type":"ImageObject","inLanguage":"pl-PL","@id":"https:\/\/secure.gravatar.com\/avatar\/f1c0d97f24e9caef161593df02477f62a6d4ae4187918c500b90a71a0e1feb45?s=96&d=mm&r=g","url":"https:\/\/secure.gravatar.com\/avatar\/f1c0d97f24e9caef161593df02477f62a6d4ae4187918c500b90a71a0e1feb45?s=96&d=mm&r=g","contentUrl":"https:\/\/secure.gravatar.com\/avatar\/f1c0d97f24e9caef161593df02477f62a6d4ae4187918c500b90a71a0e1feb45?s=96&d=mm&r=g","caption":"Anna Rona"},"sameAs":["http:\/\/www.annarona.de"],"url":"https:\/\/annarona.de\/pl\/author\/annarona\/"}]}},"_links":{"self":[{"href":"https:\/\/annarona.de\/pl\/wp-json\/wp\/v2\/posts\/5136","targetHints":{"allow":["GET"]}}],"collection":[{"href":"https:\/\/annarona.de\/pl\/wp-json\/wp\/v2\/posts"}],"about":[{"href":"https:\/\/annarona.de\/pl\/wp-json\/wp\/v2\/types\/post"}],"author":[{"embeddable":true,"href":"https:\/\/annarona.de\/pl\/wp-json\/wp\/v2\/users\/3"}],"replies":[{"embeddable":true,"href":"https:\/\/annarona.de\/pl\/wp-json\/wp\/v2\/comments?post=5136"}],"version-history":[{"count":7,"href":"https:\/\/annarona.de\/pl\/wp-json\/wp\/v2\/posts\/5136\/revisions"}],"predecessor-version":[{"id":5149,"href":"https:\/\/annarona.de\/pl\/wp-json\/wp\/v2\/posts\/5136\/revisions\/5149"}],"wp:featuredmedia":[{"embeddable":true,"href":"https:\/\/annarona.de\/pl\/wp-json\/wp\/v2\/media\/5132"}],"wp:attachment":[{"href":"https:\/\/annarona.de\/pl\/wp-json\/wp\/v2\/media?parent=5136"}],"wp:term":[{"taxonomy":"category","embeddable":true,"href":"https:\/\/annarona.de\/pl\/wp-json\/wp\/v2\/categories?post=5136"},{"taxonomy":"post_tag","embeddable":true,"href":"https:\/\/annarona.de\/pl\/wp-json\/wp\/v2\/tags?post=5136"}],"curies":[{"name":"wp","href":"https:\/\/api.w.org\/{rel}","templated":true}]}}